{"id":4724,"date":"2022-04-05T16:56:28","date_gmt":"2022-04-05T16:56:28","guid":{"rendered":"https:\/\/anamoreira.pt\/cmi\/?p=4724"},"modified":"2022-12-17T23:07:55","modified_gmt":"2022-12-17T23:07:55","slug":"formacao-online-em-neopsicologia-sistemica","status":"publish","type":"post","link":"https:\/\/anamoreira.pt\/cmi\/2022\/04\/05\/formacao-online-em-neopsicologia-sistemica\/","title":{"rendered":"Forma\u00e7\u00e3o online em Neopsicologia Sist\u00e9mica"},"content":{"rendered":"\t\t<div data-elementor-type=\"wp-post\" data-elementor-id=\"4724\" class=\"elementor elementor-4724\" data-elementor-post-type=\"post\">\n\t\t\t\t\t\t<section class=\"elementor-section elementor-top-section elementor-element elementor-element-0dd7c36 elementor-section-boxed elementor-section-height-default elementor-section-height-default\" data-id=\"0dd7c36\" data-element_type=\"section\" data-e-type=\"section\">\n\t\t\t\t\t\t<div class=\"elementor-container elementor-column-gap-default\">\n\t\t\t\t\t<div class=\"elementor-column elementor-col-100 elementor-top-column elementor-element elementor-element-eefa978\" data-id=\"eefa978\" data-element_type=\"column\" data-e-type=\"column\">\n\t\t\t<div class=\"elementor-widget-wrap elementor-element-populated\">\n\t\t\t\t\t\t<div class=\"elementor-element elementor-element-cd80c62 elementor-widget elementor-widget-text-editor\" data-id=\"cd80c62\" data-element_type=\"widget\" data-e-type=\"widget\" data-widget_type=\"text-editor.default\">\n\t\t\t\t<div class=\"elementor-widget-container\">\n\t\t\t\t\t\t\t\t\t<p>Realize uma viagem ao seu inconsciente e \u00e0s suas rela\u00e7\u00f5es transgeracionais atrav\u00e9s da forma\u00e7\u00e3o online em Neops\u00edcologia Sist\u00e9mica promovida pela institui\u00e7\u00e3o colombiana, Uni\u00f3n Internacional de Neopsicolog\u00eda Sist\u00e9mica\u00a0.<\/p>\t\t\t\t\t\t\t\t<\/div>\n\t\t\t\t<\/div>\n\t\t\t\t\t<\/div>\n\t\t<\/div>\n\t\t\t\t\t<\/div>\n\t\t<\/section>\n\t\t\t\t<section class=\"elementor-section elementor-top-section elementor-element elementor-element-719a3a5 elementor-section-boxed elementor-section-height-default elementor-section-height-default\" data-id=\"719a3a5\" data-element_type=\"section\" data-e-type=\"section\">\n\t\t\t\t\t\t<div class=\"elementor-container elementor-column-gap-default\">\n\t\t\t\t\t<div class=\"elementor-column elementor-col-100 elementor-top-column elementor-element elementor-element-61d6acf\" data-id=\"61d6acf\" data-element_type=\"column\" data-e-type=\"column\">\n\t\t\t<div class=\"elementor-widget-wrap elementor-element-populated\">\n\t\t\t\t\t\t<div class=\"elementor-element elementor-element-dfca539 elementor-widget elementor-widget-text-editor\" data-id=\"dfca539\" data-element_type=\"widget\" data-e-type=\"widget\" data-widget_type=\"text-editor.default\">\n\t\t\t\t<div class=\"elementor-widget-container\">\n\t\t\t\t\t\t\t\t\t<p>Nesta forma\u00e7\u00e3o ir\u00e1 aprender um modelo te\u00f3rico de interven\u00e7\u00e3o terap\u00eautica que integra as vis\u00f5es sist\u00e9mica, psicanal\u00edtica e psicossom\u00e1tica, respondendo pelo desenvolvimento evolutivo do ser humano.<\/p><p>Esta forma\u00e7\u00e3o vai fornecer-lhe as bases para reorganizar os seus relacionamentos, fortalecendo os v\u00ednculos com o seu corpo, a Terra, a sua vida e o universo.<\/p><p>Esta forma\u00e7\u00e3o destina-se a terapeutas que desejem melhorar as suas pr\u00e1ticas e\/ou aventurar-se em novas formas de interven\u00e7\u00e3o, e a todas as pessoas que pretendem curar-se, crescer e conectar-se consigo pr\u00f3prias.<\/p><p>Esta forma\u00e7\u00e3o \u00e9 dirigida pela internacionalmente reconhecida Dra. Marianela Vallejo, tem o pre\u00e7o de inscri\u00e7\u00e3o de 880\u20ac +IVA e o in\u00edcio do primeiro m\u00f3dulo previsto para 8 de abril.<\/p><p>Encontre mais informa\u00e7\u00f5es em\u00a0<a href=\"https:\/\/bit.ly\/FormacionNeopsicologiaSistemica?fbclid=IwAR2kp7y7ENjzoKvutwzjdvzlJrql0tiluwZ4RwBzGIiH8Cw550pqG1G_SEw\">https:\/\/bit.ly\/FormacionNeopsicologiaSistemica<\/a><\/p><p>As inscri\u00e7\u00f5es devem ser efetuadas para o email\u00a0<a href=\"mailto:cursos@anamoreira.pt\">cursos@anamoreira.pt<\/a>\u00a0e devem conter:<\/p><ul><li>Nome completo;<\/li><li>Email;<\/li><li>N\u00famero de telem\u00f3vel;<\/li><li>Outra informa\u00e7\u00e3o que considerem relevante<\/li><\/ul>\t\t\t\t\t\t\t\t<\/div>\n\t\t\t\t<\/div>\n\t\t\t\t\t<\/div>\n\t\t<\/div>\n\t\t\t\t\t<\/div>\n\t\t<\/section>\n\t\t\t\t<\/div>\n\t\t","protected":false},"excerpt":{"rendered":"<p>Realize uma viagem ao seu inconsciente e \u00e0s suas rela\u00e7\u00f5es transgeracionais atrav\u00e9s da forma\u00e7\u00e3o online em Neops\u00edcologia Sist\u00e9mica promovida pela institui\u00e7\u00e3o colombiana, Uni\u00f3n Internacional de Neopsicolog\u00eda Sist\u00e9mica&nbsp;. Nesta forma\u00e7\u00e3o ir\u00e1 aprender um modelo te\u00f3rico de interven\u00e7\u00e3o terap\u00eautica que integra as [&hellip;]<\/p>\n","protected":false},"author":1,"featured_media":4726,"comment_status":"closed","ping_status":"closed","sticky":false,"template":"","format":"standard","meta":{"footnotes":""},"categories":[15],"tags":[],"class_list":["post-4724","post","type-post","status-publish","format-standard","has-post-thumbnail","hentry","category-workshops-anteriores","clearfix"],"_links":{"self":[{"href":"https:\/\/anamoreira.pt\/cmi\/wp-json\/wp\/v2\/posts\/4724","targetHints":{"allow":["GET"]}}],"collection":[{"href":"https:\/\/anamoreira.pt\/cmi\/wp-json\/wp\/v2\/posts"}],"about":[{"href":"https:\/\/anamoreira.pt\/cmi\/wp-json\/wp\/v2\/types\/post"}],"author":[{"embeddable":true,"href":"https:\/\/anamoreira.pt\/cmi\/wp-json\/wp\/v2\/users\/1"}],"replies":[{"embeddable":true,"href":"https:\/\/anamoreira.pt\/cmi\/wp-json\/wp\/v2\/comments?post=4724"}],"version-history":[{"count":9,"href":"https:\/\/anamoreira.pt\/cmi\/wp-json\/wp\/v2\/posts\/4724\/revisions"}],"predecessor-version":[{"id":4758,"href":"https:\/\/anamoreira.pt\/cmi\/wp-json\/wp\/v2\/posts\/4724\/revisions\/4758"}],"wp:featuredmedia":[{"embeddable":true,"href":"https:\/\/anamoreira.pt\/cmi\/wp-json\/wp\/v2\/media\/4726"}],"wp:attachment":[{"href":"https:\/\/anamoreira.pt\/cmi\/wp-json\/wp\/v2\/media?parent=4724"}],"wp:term":[{"taxonomy":"category","embeddable":true,"href":"https:\/\/anamoreira.pt\/cmi\/wp-json\/wp\/v2\/categories?post=4724"},{"taxonomy":"post_tag","embeddable":true,"href":"https:\/\/anamoreira.pt\/cmi\/wp-json\/wp\/v2\/tags?post=4724"}],"curies":[{"name":"wp","href":"https:\/\/api.w.org\/{rel}","templated":true}]}}