{"id":5122,"date":"2022-07-18T12:34:30","date_gmt":"2022-07-18T12:34:30","guid":{"rendered":"https:\/\/anamoreira.pt\/cmi\/?p=5122"},"modified":"2022-12-17T23:07:21","modified_gmt":"2022-12-17T23:07:21","slug":"retiro-conexao-de-vida","status":"publish","type":"post","link":"https:\/\/anamoreira.pt\/cmi\/2022\/07\/18\/retiro-conexao-de-vida\/","title":{"rendered":"Retiro &#8220;Conex\u00e3o de Vida&#8221;"},"content":{"rendered":"\t\t<div data-elementor-type=\"wp-post\" data-elementor-id=\"5122\" class=\"elementor elementor-5122\" data-elementor-post-type=\"post\">\n\t\t\t\t\t\t<section class=\"elementor-section elementor-top-section elementor-element elementor-element-0dd7c36 elementor-section-boxed elementor-section-height-default elementor-section-height-default\" data-id=\"0dd7c36\" data-element_type=\"section\" data-e-type=\"section\">\n\t\t\t\t\t\t<div class=\"elementor-container elementor-column-gap-default\">\n\t\t\t\t\t<div class=\"elementor-column elementor-col-100 elementor-top-column elementor-element elementor-element-eefa978\" data-id=\"eefa978\" data-element_type=\"column\" data-e-type=\"column\">\n\t\t\t<div class=\"elementor-widget-wrap elementor-element-populated\">\n\t\t\t\t\t\t<div class=\"elementor-element elementor-element-cd80c62 elementor-widget elementor-widget-text-editor\" data-id=\"cd80c62\" data-element_type=\"widget\" data-e-type=\"widget\" data-widget_type=\"text-editor.default\">\n\t\t\t\t<div class=\"elementor-widget-container\">\n\t\t\t\t\t\t\t\t\t<p><strong>Data de realiza\u00e7\u00e3<\/strong><strong>o: <\/strong><u>16, 17 e 18 de setembro<\/u><\/p><p><strong>Local: <\/strong><u>Semin\u00e1rio de Vilar, no Porto<\/u><\/p><p><strong>Orienta\u00e7\u00e3o: <\/strong><u>Dr. Gonzalo Andina<\/u><\/p><p><strong>Acompanhamento:<\/strong> <u>Dra. Ana Moreira e Dra. Alejandra Pavlan<\/u><\/p>\t\t\t\t\t\t\t\t<\/div>\n\t\t\t\t<\/div>\n\t\t\t\t\t<\/div>\n\t\t<\/div>\n\t\t\t\t\t<\/div>\n\t\t<\/section>\n\t\t\t\t<section class=\"elementor-section elementor-top-section elementor-element elementor-element-719a3a5 elementor-section-boxed elementor-section-height-default elementor-section-height-default\" data-id=\"719a3a5\" data-element_type=\"section\" data-e-type=\"section\">\n\t\t\t\t\t\t<div class=\"elementor-container elementor-column-gap-default\">\n\t\t\t\t\t<div class=\"elementor-column elementor-col-100 elementor-top-column elementor-element elementor-element-61d6acf\" data-id=\"61d6acf\" data-element_type=\"column\" data-e-type=\"column\">\n\t\t\t<div class=\"elementor-widget-wrap elementor-element-populated\">\n\t\t\t\t\t\t<div class=\"elementor-element elementor-element-dfca539 elementor-widget elementor-widget-text-editor\" data-id=\"dfca539\" data-element_type=\"widget\" data-e-type=\"widget\" data-widget_type=\"text-editor.default\">\n\t\t\t\t<div class=\"elementor-widget-container\">\n\t\t\t\t\t\t\t\t\t<p>Os \u00faltimos anos t\u00eam sido extremamente desgastantes para todos n\u00f3s e, sem se ter dado conta disso, talvez tenha sofrido danos emocionais devido a situa\u00e7\u00f5es, como a pandemia mundial de Covid-19.<\/p><p>Tudo isto afetou, de alguma forma, a &#8220;nossa energia&#8221;, mas chegou a hora de voltar a encontrar o seu equil\u00edbrio e de resgatar plenamente o seu corpo, mente e alma!<\/p><p>Se, de alguma forma, consegue identificar-se com isso, saiba que esta oportunidade \u00e9 para si!<\/p><p>O projecto &#8220;Conex\u00e3o da Vida&#8221; \u00e9 um semin\u00e1rio aberto ao p\u00fablico, em formato de retiro de 3 dias, para que possa compreender os processos vitais do ser humano e os seus pilares:<\/p>\t\t\t\t\t\t\t\t<\/div>\n\t\t\t\t<\/div>\n\t\t\t\t\t<\/div>\n\t\t<\/div>\n\t\t\t\t\t<\/div>\n\t\t<\/section>\n\t\t\t\t<section class=\"elementor-section elementor-top-section elementor-element elementor-element-be2fb7b elementor-section-boxed elementor-section-height-default elementor-section-height-default\" data-id=\"be2fb7b\" data-element_type=\"section\" data-e-type=\"section\">\n\t\t\t\t\t\t<div class=\"elementor-container elementor-column-gap-default\">\n\t\t\t\t\t<div class=\"elementor-column elementor-col-100 elementor-top-column elementor-element elementor-element-26f9591\" data-id=\"26f9591\" data-element_type=\"column\" data-e-type=\"column\">\n\t\t\t<div class=\"elementor-widget-wrap elementor-element-populated\">\n\t\t\t\t\t\t<div class=\"elementor-element elementor-element-311d995 elementor-widget elementor-widget-text-editor\" data-id=\"311d995\" data-element_type=\"widget\" data-e-type=\"widget\" data-widget_type=\"text-editor.default\">\n\t\t\t\t<div class=\"elementor-widget-container\">\n\t\t\t\t\t\t\t\t\t<p><strong>I &#8211;<\/strong> Conhecimento das estruturas energ\u00e9ticas que regem os nossos corpos e reconhecimento dos padr\u00f5es de desenvolvimento do ser humano.<\/p><p><strong>II &#8211;<\/strong> o desenvolvimento da consci\u00eancia e compreens\u00e3o dos processos evolutivos da mente.<\/p><p><strong>III &#8211;<\/strong> Sana\u00e7\u00e3o e compreens\u00e3o de acontecimentos do nosso passado e reavalia\u00e7\u00e3o da nossa ess\u00eancia na heran\u00e7a gen\u00e9tica.<\/p><p><strong>IV &#8211;<\/strong> libertar sentimentos de frustra\u00e7\u00e3o, com a constru\u00e7\u00e3o de um novo paradigma atrav\u00e9s de um processo de autocura.<\/p><p><strong>V &#8211;<\/strong> projetar o futuro, tendo o presente como base fundamental da constru\u00e7\u00e3o do seu prop\u00f3sito de vida e felicidade.<\/p><p><strong>VI &#8211;<\/strong> &#8220;Sa\u00fade Energ\u00e9tica&#8221;, como uma terapia de movimento, que articula os fluxos de energia do corpo.<\/p>\t\t\t\t\t\t\t\t<\/div>\n\t\t\t\t<\/div>\n\t\t\t\t\t<\/div>\n\t\t<\/div>\n\t\t\t\t\t<\/div>\n\t\t<\/section>\n\t\t\t\t<section class=\"elementor-section elementor-top-section elementor-element elementor-element-dbcf285 elementor-section-boxed elementor-section-height-default elementor-section-height-default\" data-id=\"dbcf285\" data-element_type=\"section\" data-e-type=\"section\">\n\t\t\t\t\t\t<div class=\"elementor-container elementor-column-gap-default\">\n\t\t\t\t\t<div class=\"elementor-column elementor-col-100 elementor-top-column elementor-element elementor-element-01a2964\" data-id=\"01a2964\" data-element_type=\"column\" data-e-type=\"column\">\n\t\t\t<div class=\"elementor-widget-wrap elementor-element-populated\">\n\t\t\t\t\t\t<div class=\"elementor-element elementor-element-b7e2e8d elementor-widget elementor-widget-text-editor\" data-id=\"b7e2e8d\" data-element_type=\"widget\" data-e-type=\"widget\" data-widget_type=\"text-editor.default\">\n\t\t\t\t<div class=\"elementor-widget-container\">\n\t\t\t\t\t\t\t\t\t<p>Com a orienta\u00e7\u00e3o do Dr. Gonzalo Andina e o acompanhamento da Dra. Ana Moreira e da Dra. Alejandra Pavlan, aproveite a oportunidade \u00fanica de aprender como &#8220;a corrente el\u00e9ctrica do corpo&#8221; interfere na nossa sa\u00fade e como podemos regular o corpo com exerc\u00edcios pr\u00e1ticos, com especialistas m\u00e9dicos neste tema!<\/p><p>O Curso \/ Retiro \u201cConex\u00e3o de Vida\u201d foi organizado e concebido com o prop\u00f3sito de fazer com que tenha mais liberdade de escolha, bem-estar clareza e harmonia, de forma a que consiga (re)-encontrar o seu prop\u00f3sito de vida!<\/p><p>Neste retiro s\u00e3o ensinadas as ferramentas necess\u00e1rias para que consiga ultrapassar traumas ou bloqueios que o esteja a condicionar, de forma a aproveitar os bons momentos que &#8220;o Universo conspirar\u00e1 a seu favor&#8221;!<\/p><p>Este curso decorre em tr\u00eas dias, nos quais entramos em estado de equil\u00edbrio, facilitando a coer\u00eancia card\u00edaca e estado alfa de relaxamento cerebral, de forma a que consiga tornar-se numa pessoa fisicamente saud\u00e1vel, financeiramente pr\u00f3spera e mais alegre, para alcan\u00e7ar todo o seu potencial!<\/p><p>Este retiro \u00e9 feito especialmente para todas as pessoas que querem seguir um estilo de vida integrativo. S\u00e3o tr\u00eas dias de aprendizagem com alimenta\u00e7\u00e3o equilibrada e hidrata\u00e7\u00e3o abundante, ou seja, todos os ingredientes necess\u00e1rios para quem quer autoconhecer-se, desbloquear dificuldades e prevenir doen\u00e7as!<\/p><p>Pronto para embarcar neste experi\u00eancia?<\/p><p>Fa\u00e7a j\u00e1 a sua inscri\u00e7\u00e3o em <a href=\"https:\/\/forms.gle\/jfxpFFaLMoJWVwaj6\">https:\/\/forms.gle\/jfxpFFaLMoJWVwaj6<\/a>\u00a0e obtenha mais informa\u00e7\u00f5es referentes ao pre\u00e7o e hor\u00e1rios.<\/p>\t\t\t\t\t\t\t\t<\/div>\n\t\t\t\t<\/div>\n\t\t\t\t\t<\/div>\n\t\t<\/div>\n\t\t\t\t\t<\/div>\n\t\t<\/section>\n\t\t\t\t<\/div>\n\t\t","protected":false},"excerpt":{"rendered":"<p>Data de realiza\u00e7\u00e3o: 16, 17 e 18 de setembro Local: Semin\u00e1rio de Vilar, no Porto Orienta\u00e7\u00e3o: Dr. Gonzalo Andina Acompanhamento: Dra. Ana Moreira e Dra. Alejandra Pavlan Os \u00faltimos anos t\u00eam sido extremamente desgastantes para todos n\u00f3s e, sem se [&hellip;]<\/p>\n","protected":false},"author":1,"featured_media":5124,"comment_status":"closed","ping_status":"closed","sticky":false,"template":"","format":"standard","meta":{"footnotes":""},"categories":[15],"tags":[],"class_list":["post-5122","post","type-post","status-publish","format-standard","has-post-thumbnail","hentry","category-workshops-anteriores","clearfix"],"_links":{"self":[{"href":"https:\/\/anamoreira.pt\/cmi\/wp-json\/wp\/v2\/posts\/5122","targetHints":{"allow":["GET"]}}],"collection":[{"href":"https:\/\/anamoreira.pt\/cmi\/wp-json\/wp\/v2\/posts"}],"about":[{"href":"https:\/\/anamoreira.pt\/cmi\/wp-json\/wp\/v2\/types\/post"}],"author":[{"embeddable":true,"href":"https:\/\/anamoreira.pt\/cmi\/wp-json\/wp\/v2\/users\/1"}],"replies":[{"embeddable":true,"href":"https:\/\/anamoreira.pt\/cmi\/wp-json\/wp\/v2\/comments?post=5122"}],"version-history":[{"count":13,"href":"https:\/\/anamoreira.pt\/cmi\/wp-json\/wp\/v2\/posts\/5122\/revisions"}],"predecessor-version":[{"id":5316,"href":"https:\/\/anamoreira.pt\/cmi\/wp-json\/wp\/v2\/posts\/5122\/revisions\/5316"}],"wp:featuredmedia":[{"embeddable":true,"href":"https:\/\/anamoreira.pt\/cmi\/wp-json\/wp\/v2\/media\/5124"}],"wp:attachment":[{"href":"https:\/\/anamoreira.pt\/cmi\/wp-json\/wp\/v2\/media?parent=5122"}],"wp:term":[{"taxonomy":"category","embeddable":true,"href":"https:\/\/anamoreira.pt\/cmi\/wp-json\/wp\/v2\/categories?post=5122"},{"taxonomy":"post_tag","embeddable":true,"href":"https:\/\/anamoreira.pt\/cmi\/wp-json\/wp\/v2\/tags?post=5122"}],"curies":[{"name":"wp","href":"https:\/\/api.w.org\/{rel}","templated":true}]}}