{"id":925,"date":"2020-01-02T12:01:36","date_gmt":"2020-01-02T12:01:36","guid":{"rendered":"https:\/\/anamoreira.km35633-02.keymachine.de\/cmi\/?p=925"},"modified":"2020-01-02T12:02:24","modified_gmt":"2020-01-02T12:02:24","slug":"desfrutar-do-sol-com-seguranca","status":"publish","type":"post","link":"https:\/\/anamoreira.pt\/cmi\/2020\/01\/02\/desfrutar-do-sol-com-seguranca\/","title":{"rendered":"Desfrutar do sol com seguran\u00e7a"},"content":{"rendered":"\t\t<div data-elementor-type=\"wp-post\" data-elementor-id=\"925\" class=\"elementor elementor-925\" data-elementor-post-type=\"post\">\n\t\t\t\t\t\t<section class=\"elementor-section elementor-top-section elementor-element elementor-element-8f2e4ac elementor-section-boxed elementor-section-height-default elementor-section-height-default\" data-id=\"8f2e4ac\" data-element_type=\"section\" data-e-type=\"section\">\n\t\t\t\t\t\t<div class=\"elementor-container elementor-column-gap-default\">\n\t\t\t\t\t<div class=\"elementor-column elementor-col-100 elementor-top-column elementor-element elementor-element-4f0e955\" data-id=\"4f0e955\" data-element_type=\"column\" data-e-type=\"column\">\n\t\t\t<div class=\"elementor-widget-wrap elementor-element-populated\">\n\t\t\t\t\t\t<div class=\"elementor-element elementor-element-35f53be elementor-widget elementor-widget-text-editor\" data-id=\"35f53be\" data-element_type=\"widget\" data-e-type=\"widget\" data-widget_type=\"text-editor.default\">\n\t\t\t\t<div class=\"elementor-widget-container\">\n\t\t\t\t\t\t\t\t\t<p>Quando o sol aparece aproveitamos para fazer mais atividades ao ar livre.<br \/>Quer seja a passear, a praticar algum desporto, ou simplesmente a apanhar banhos de sol, \u00e9 essencial aplicar um bom protector solar, para manter a integridade da pele.<br \/>O sol \u00e9 essencial para se manter saud\u00e1vel e traz muitos benef\u00edcios para a sa\u00fade.<br \/>A vitamina D, produzida pelo organismo ap\u00f3s a exposi\u00e7\u00e3o solar, ajuda na absor\u00e7\u00e3o do c\u00e1lcio e a regular os n\u00edveis de fosfato, sendo por isso essencial para manter os ossos saud\u00e1veis.<br \/>Ajuda ainda na modula\u00e7\u00e3o do sistema imunit\u00e1rio, na melhoria do humor e energia e na redu\u00e7\u00e3o do risco de v\u00e1rias doen\u00e7as tais como o cancro, doen\u00e7as cardiovasculares e diabetes.<br \/>Contudo, a exposi\u00e7\u00e3o solar requer alguns cuidados, al\u00e9m do uso de protectores solares, que conv\u00e9m lembrar e p\u00f4r em pr\u00e1tica:<br \/>\u00b7 Deve evitar as horas de maior calor.<\/p><p>Uma regra f\u00e1cil de lembrar: quando a sombra que projetamos no ch\u00e3o for superior \u00e0 nossa altura (de prefer\u00eancia o dobro) a radia\u00e7\u00e3o j\u00e1 n\u00e3o \u00e9 t\u00e3o intensa e podemos expor-nos ao sol.<\/p><p>\u00b7 Deve optar por uma exposi\u00e7\u00e3o solar gradual e progressiva, evitando expor-se em demasia nos primeiros dias de praia.<\/p><p>\u00b7 Se tem antecedentes familiares de cancro de pele, tez, cabelo e olhos claros, sardas ou dificuldade em bronzear-se, deve redobrar os cuidados.<\/p><p>\u00b7 N\u00e3o sujeite beb\u00e9s com menos de 1 ano \u00e0 exposi\u00e7\u00e3o solar directa.<\/p><p>. A exposi\u00e7\u00e3o solar de crian\u00e7as a partir dos 2-3 anos deve ser limitada a um per\u00edodo restrito, apenas ao in\u00edcio da manh\u00e3 e ao final da tarde, mas sempre com protetor solar f\u00edsico (chap\u00e9u e roupa) e um creme com factor de protec\u00e7\u00e3o solar (FPS) 50+.<\/p><p>\u00b7 Leve um guarda-sol para a praia, assim as crian\u00e7as podem sentar-se e brincar na sombra.<\/p><p>\u00b7 Deve ter especial aten\u00e7\u00e3o na escolha do vestu\u00e1rio.<br \/>Prefira sempre pe\u00e7as de algod\u00e3o biol\u00f3gico ou org\u00e2nico, uma vez que esta fibra bloqueia uma grande percentagem de raios ultravioleta.<br \/>Escolha roupas leves, largas e de cores claras.<br \/>\u00b7 Use sempre \u00f3culos escuros, com filtros UVA e UVB.<\/p><p>\u00b7 N\u00e3o se esque\u00e7a do chap\u00e9u ou bon\u00e9.<\/p><p>\u00b7 Para contrariar a desidrata\u00e7\u00e3o causada pela exposi\u00e7\u00e3o solar, deve aumentar a ingest\u00e3o de \u00e1gua (2 a 3 litros por dia).<\/p><p>Se tiver crian\u00e7as pequenas e verificar que o n\u00famero de fraldas que muda por dia diminuiu drasticamente, \u00e9 sinal que n\u00e3o est\u00e1 a dar-lhe \u00e1gua suficiente.<br \/>No caso de crian\u00e7as maiores, esteja atento \u00e0 urina, pois se ficar mais escura (concentrada) pode ser sinal de desidrata\u00e7\u00e3o.<br \/>Os idosos reagem de maneira diferente \u00e0s altas temperaturas e baixa humidade. Com o avan\u00e7ar da idade, sofrem altera\u00e7\u00f5es nos mecanismos de controlo t\u00e9rmico do organismo e de envio de est\u00edmulos cerebrais relacionados com a sensa\u00e7\u00e3o de sede, originando quadros de desidrata\u00e7\u00e3o.<br \/>Devem por isso refor\u00e7ar a ingest\u00e3o de l\u00edquidos e resguardar-se nas horas de mais calor.<br \/>Quando sa\u00edrem n\u00e3o devem esquecer os \u00f3culos escuros, uma vez que a exposi\u00e7\u00e3o \u00e0 luz solar est\u00e1 diretamente relacionada com o risco aumentado de desenvolver cataratas.<\/p><p>\u00b7 Deve ingerir frutas e legumes, especialmente os que s\u00e3o ricos em anti-oxidantes, uma vez que ajudam a combater os radicais livres \u2013 frutos vermelhos, beterraba, tomate, aveia e nozes.<\/p><p>Deve optar por alimentos com elevada composi\u00e7\u00e3o em \u00e1gua, para ter m\u00faltiplos benef\u00edcios \u2013 \u00e9 o caso da alface, cenoura, melancia, meloa, abacaxi, p\u00eassego, morango, entre outros.<\/p>\t\t\t\t\t\t\t\t<\/div>\n\t\t\t\t<\/div>\n\t\t\t\t\t<\/div>\n\t\t<\/div>\n\t\t\t\t\t<\/div>\n\t\t<\/section>\n\t\t\t\t<section class=\"elementor-section elementor-top-section elementor-element elementor-element-3d12e844 elementor-section-boxed elementor-section-height-default elementor-section-height-default\" data-id=\"3d12e844\" data-element_type=\"section\" data-e-type=\"section\">\n\t\t\t\t\t\t<div class=\"elementor-container elementor-column-gap-default\">\n\t\t\t\t\t<div class=\"elementor-column elementor-col-100 elementor-top-column elementor-element elementor-element-11de6000\" data-id=\"11de6000\" data-element_type=\"column\" data-e-type=\"column\">\n\t\t\t<div class=\"elementor-widget-wrap elementor-element-populated\">\n\t\t\t\t\t\t<div class=\"elementor-element elementor-element-542fe373 elementor-widget elementor-widget-text-editor\" data-id=\"542fe373\" data-element_type=\"widget\" data-e-type=\"widget\" data-widget_type=\"text-editor.default\">\n\t\t\t\t<div class=\"elementor-widget-container\">\n\t\t\t\t\t\t\t\t\t<p><a href=\"\/cmi\/mais-informacoes-documentos-artigos\/\">[voltar]<\/a><\/p>\t\t\t\t\t\t\t\t<\/div>\n\t\t\t\t<\/div>\n\t\t\t\t\t<\/div>\n\t\t<\/div>\n\t\t\t\t\t<\/div>\n\t\t<\/section>\n\t\t\t\t<\/div>\n\t\t","protected":false},"excerpt":{"rendered":"<p>Quando o sol aparece aproveitamos para fazer mais atividades ao ar livre.Quer seja a passear, a praticar algum desporto, ou simplesmente a apanhar banhos de sol, \u00e9 essencial aplicar um bom protector solar, para manter a integridade da pele.O sol [&hellip;]<\/p>\n","protected":false},"author":1,"featured_media":926,"comment_status":"closed","ping_status":"closed","sticky":false,"template":"","format":"standard","meta":{"footnotes":""},"categories":[29,6],"tags":[],"class_list":["post-925","post","type-post","status-publish","format-standard","has-post-thumbnail","hentry","category-artigos-documentos","category-documentos","clearfix"],"_links":{"self":[{"href":"https:\/\/anamoreira.pt\/cmi\/wp-json\/wp\/v2\/posts\/925","targetHints":{"allow":["GET"]}}],"collection":[{"href":"https:\/\/anamoreira.pt\/cmi\/wp-json\/wp\/v2\/posts"}],"about":[{"href":"https:\/\/anamoreira.pt\/cmi\/wp-json\/wp\/v2\/types\/post"}],"author":[{"embeddable":true,"href":"https:\/\/anamoreira.pt\/cmi\/wp-json\/wp\/v2\/users\/1"}],"replies":[{"embeddable":true,"href":"https:\/\/anamoreira.pt\/cmi\/wp-json\/wp\/v2\/comments?post=925"}],"version-history":[{"count":3,"href":"https:\/\/anamoreira.pt\/cmi\/wp-json\/wp\/v2\/posts\/925\/revisions"}],"predecessor-version":[{"id":929,"href":"https:\/\/anamoreira.pt\/cmi\/wp-json\/wp\/v2\/posts\/925\/revisions\/929"}],"wp:featuredmedia":[{"embeddable":true,"href":"https:\/\/anamoreira.pt\/cmi\/wp-json\/wp\/v2\/media\/926"}],"wp:attachment":[{"href":"https:\/\/anamoreira.pt\/cmi\/wp-json\/wp\/v2\/media?parent=925"}],"wp:term":[{"taxonomy":"category","embeddable":true,"href":"https:\/\/anamoreira.pt\/cmi\/wp-json\/wp\/v2\/categories?post=925"},{"taxonomy":"post_tag","embeddable":true,"href":"https:\/\/anamoreira.pt\/cmi\/wp-json\/wp\/v2\/tags?post=925"}],"curies":[{"name":"wp","href":"https:\/\/api.w.org\/{rel}","templated":true}]}}